{"id":222,"date":"2021-03-12T21:43:32","date_gmt":"2021-03-12T20:43:32","guid":{"rendered":"http:\/\/yann-venete.fr\/?p=222"},"modified":"2022-07-14T09:08:07","modified_gmt":"2022-07-14T07:08:07","slug":"soumission","status":"publish","type":"post","link":"https:\/\/yann-venete.fr\/?p=222","title":{"rendered":"Soumission"},"content":{"rendered":"\n<p>37 ans d&#8217;\u00e9criture pour mettre sur papier mes angoisses et pourtant 37 ans de silence sur ce drame qui a boulevers\u00e9 ma vie. J&#8217;aimerais tourner la page. Peut-\u00eatre dois-je la partager pour cela? <\/p>\n\n\n\n<p><em>Les mains au sol,<br>Son poids comprimant mon corps,<br>Plus aucun effort<br>Ne pouvait m\u2019\u00e9viter ses gaudrioles.<br>Soumission<br>Par d\u00e9finition.<br>Mais sous lui<br>Par effraction.<br>Sans r\u00e9action,<br>Je n\u2019ai pas fui.<\/em><\/p>\n\n\n\n<p>Pendant qu\u2019il mena\u00e7a<br>Mon int\u00e9grit\u00e9 de ses paroles bestiaires,<br>Je cherchais un peu d\u2019air<br>Pour me sortir de l\u00e0 comme un for\u00e7at.<\/p>\n\n\n\n<p>Son odeur corporelle<br>Empoisonnait mon esprit embrouill\u00e9,<br>Car je n\u2019avais plus pied,<br>Dans cet enfer aux \u00e9clats intemporelles.<\/p>\n\n\n\n<p>J\u2019avais \u00e0 peine huit ans,<br>Un gar\u00e7on insatiable de testost\u00e9rone<br>Qui, sur moi, fanfaronne<br>Et de ses doigts sur la Lune s\u2019\u00e9garant\u2026<\/p>\n\n\n\n<p><em>Les mains au sol,<br>Son poids comprimant mon corps,<br>Plus aucun effort<br>Ne pouvait m\u2019\u00e9viter ses gaudrioles.<br>Soumission<br>Par d\u00e9finition.<br>Mais sous lui<br>Par effraction.<br>Sans r\u00e9action,<br>Je n\u2019ai pas fui.<\/em><\/p>\n\n\n\n<p>Je n\u2019ai rien oubli\u00e9<br>De cette travers\u00e9e infernale du Cocyte.<br>L\u2019\u00e2me salie, ce co\u00eft<br>Qui me hante la nuit jusqu\u2019\u00e0 m\u2019en noyer.<\/p>\n\n\n\n<p>J\u2019ai tout pardonn\u00e9<br>Car \u00e0 neuf ans, mon bourreau \u00e9tait mime.<br>Je vois une victime<br>Qui a reproduit une histoire brouillonn\u00e9e.<\/p>\n\n\n\n<p>Cela n\u2019efface rien<br>De la souffrance qui a conduit mon existence,<br>Ruin\u00e9 mes sens,<br>Mais aucune condamnation ne me fera du bien.<\/p>\n","protected":false},"excerpt":{"rendered":"<p>37 ans d&#8217;\u00e9criture pour mettre sur papier mes angoisses et pourtant 37 ans de silence sur ce drame qui a boulevers\u00e9 ma vie. J&#8217;aimerais tourner la page. Peut-\u00eatre dois-je la partager pour cela? Les mains au sol,Son poids comprimant mon corps,Plus aucun effortNe pouvait m\u2019\u00e9viter ses gaudrioles.SoumissionPar d\u00e9finition.Mais sous luiPar effraction.Sans r\u00e9action,Je n\u2019ai pas fui. &hellip; <\/p>\n<p class=\"link-more\"><a href=\"https:\/\/yann-venete.fr\/?p=222\" class=\"more-link\">Continue reading<span class=\"screen-reader-text\"> &#8220;Soumission&#8221;<\/span><\/a><\/p>\n","protected":false},"author":1,"featured_media":0,"comment_status":"closed","ping_status":"open","sticky":false,"template":"","format":"standard","meta":[],"categories":[4],"tags":[70,14,68,69,13],"aioseo_notices":[],"_links":{"self":[{"href":"https:\/\/yann-venete.fr\/index.php?rest_route=\/wp\/v2\/posts\/222"}],"collection":[{"href":"https:\/\/yann-venete.fr\/index.php?rest_route=\/wp\/v2\/posts"}],"about":[{"href":"https:\/\/yann-venete.fr\/index.php?rest_route=\/wp\/v2\/types\/post"}],"author":[{"embeddable":true,"href":"https:\/\/yann-venete.fr\/index.php?rest_route=\/wp\/v2\/users\/1"}],"replies":[{"embeddable":true,"href":"https:\/\/yann-venete.fr\/index.php?rest_route=%2Fwp%2Fv2%2Fcomments&post=222"}],"version-history":[{"count":2,"href":"https:\/\/yann-venete.fr\/index.php?rest_route=\/wp\/v2\/posts\/222\/revisions"}],"predecessor-version":[{"id":493,"href":"https:\/\/yann-venete.fr\/index.php?rest_route=\/wp\/v2\/posts\/222\/revisions\/493"}],"wp:attachment":[{"href":"https:\/\/yann-venete.fr\/index.php?rest_route=%2Fwp%2Fv2%2Fmedia&parent=222"}],"wp:term":[{"taxonomy":"category","embeddable":true,"href":"https:\/\/yann-venete.fr\/index.php?rest_route=%2Fwp%2Fv2%2Fcategories&post=222"},{"taxonomy":"post_tag","embeddable":true,"href":"https:\/\/yann-venete.fr\/index.php?rest_route=%2Fwp%2Fv2%2Ftags&post=222"}],"curies":[{"name":"wp","href":"https:\/\/api.w.org\/{rel}","templated":true}]}}