{"id":336,"date":"2021-08-22T22:01:15","date_gmt":"2021-08-22T20:01:15","guid":{"rendered":"http:\/\/yann-venete.fr\/?p=336"},"modified":"2022-07-14T09:06:49","modified_gmt":"2022-07-14T07:06:49","slug":"la-melancolie-sur-ma-peau","status":"publish","type":"post","link":"https:\/\/yann-venete.fr\/?p=336","title":{"rendered":"La m\u00e9lancolie sur ma peau"},"content":{"rendered":"\n<p>Le mouvement en balancier<br>De cette horloge,<br>Je me prends \u00e0 l&#8217;aimer.<br>Monstre des forges<br>Mal \u00e9clair\u00e9es ou la braise,<br>Dans une danse mill\u00e9naire<br>Joue le r\u00f4le de la lumi\u00e8re,<br>La m\u00e9lancolie de nos braises.<\/p>\n\n\n\n<p>Le mouvement acharn\u00e9<br>De nos vies,<br>Je me prends \u00e0 l&#8217;aimer,<br>Cimeti\u00e8re aguerri,<br>De nos corps mutil\u00e9s<br>Dans cette danse \u00e9ternelle<br>Que l&#8217;on joue les yeux ferm\u00e9s,<br>Le c\u0153ur ouvert \u00e0 l&#8217;Eternel.<\/p>\n\n\n\n<p>Je danse<br>La m\u00e9lancolie sur ma peau.<br>Je pense<br>La m\u00e9lancolie en drapeau.<br>Je ne peux danser,<br>Penser,<br>Sans cet \u00e9trange<br>L\u00e9gende des ann\u00e9es pass\u00e9es<br>Ou je plonge<br>Toujours mon pass\u00e9,<br>Mon pr\u00e9sent, mon futur<br>Qui perdure.<\/p>\n\n\n\n<p>Le mouvement sans fin<br>De notre Terre,<br>Je le prends avec d\u00e9dain,<br>Dans ma mis\u00e8re<br>Ou le gouffre maudit<br>De ces ann\u00e9es qui ont fil\u00e9<br>Perdus \u00e0 jamais<br>Que mon histoire a suivi.<\/p>\n","protected":false},"excerpt":{"rendered":"<p>Le mouvement en balancierDe cette horloge,Je me prends \u00e0 l&#8217;aimer.Monstre des forgesMal \u00e9clair\u00e9es ou la braise,Dans une danse mill\u00e9naireJoue le r\u00f4le de la lumi\u00e8re,La m\u00e9lancolie de nos braises. Le mouvement acharn\u00e9De nos vies,Je me prends \u00e0 l&#8217;aimer,Cimeti\u00e8re aguerri,De nos corps mutil\u00e9sDans cette danse \u00e9ternelleQue l&#8217;on joue les yeux ferm\u00e9s,Le c\u0153ur ouvert \u00e0 l&#8217;Eternel. Je danseLa &hellip; <\/p>\n<p class=\"link-more\"><a href=\"https:\/\/yann-venete.fr\/?p=336\" class=\"more-link\">Continue reading<span class=\"screen-reader-text\"> &#8220;La m\u00e9lancolie sur ma peau&#8221;<\/span><\/a><\/p>\n","protected":false},"author":1,"featured_media":0,"comment_status":"closed","ping_status":"open","sticky":false,"template":"","format":"standard","meta":[],"categories":[4],"tags":[115,116,14,13],"aioseo_notices":[],"_links":{"self":[{"href":"https:\/\/yann-venete.fr\/index.php?rest_route=\/wp\/v2\/posts\/336"}],"collection":[{"href":"https:\/\/yann-venete.fr\/index.php?rest_route=\/wp\/v2\/posts"}],"about":[{"href":"https:\/\/yann-venete.fr\/index.php?rest_route=\/wp\/v2\/types\/post"}],"author":[{"embeddable":true,"href":"https:\/\/yann-venete.fr\/index.php?rest_route=\/wp\/v2\/users\/1"}],"replies":[{"embeddable":true,"href":"https:\/\/yann-venete.fr\/index.php?rest_route=%2Fwp%2Fv2%2Fcomments&post=336"}],"version-history":[{"count":2,"href":"https:\/\/yann-venete.fr\/index.php?rest_route=\/wp\/v2\/posts\/336\/revisions"}],"predecessor-version":[{"id":515,"href":"https:\/\/yann-venete.fr\/index.php?rest_route=\/wp\/v2\/posts\/336\/revisions\/515"}],"wp:attachment":[{"href":"https:\/\/yann-venete.fr\/index.php?rest_route=%2Fwp%2Fv2%2Fmedia&parent=336"}],"wp:term":[{"taxonomy":"category","embeddable":true,"href":"https:\/\/yann-venete.fr\/index.php?rest_route=%2Fwp%2Fv2%2Fcategories&post=336"},{"taxonomy":"post_tag","embeddable":true,"href":"https:\/\/yann-venete.fr\/index.php?rest_route=%2Fwp%2Fv2%2Ftags&post=336"}],"curies":[{"name":"wp","href":"https:\/\/api.w.org\/{rel}","templated":true}]}}