{"id":74,"date":"2020-09-19T19:17:13","date_gmt":"2020-09-19T17:17:13","guid":{"rendered":"http:\/\/yann-venete.fr\/?p=74"},"modified":"2022-07-14T09:08:47","modified_gmt":"2022-07-14T07:08:47","slug":"la-comptine-de-lame-perdue","status":"publish","type":"post","link":"https:\/\/yann-venete.fr\/?p=74","title":{"rendered":"La comptine de l\u2019\u00e2me perdue"},"content":{"rendered":"\n<p>Il est possible d\u2019aimer et souffrir<br>En m\u00eame temps, je l\u2019ai appris.<br>J\u2019ai appris ma le\u00e7on sans plaisir,<br>Sans y avoir vraiment r\u00e9fl\u00e9chi.<\/p>\n\n\n\n<p>Il est possible que je sois ignorant,<br>Que cette le\u00e7on soit l\u2019instrument<br>De ma pens\u00e9e. Aimer et souffrir<br>Est devenu la raison de mon ire.<\/p>\n\n\n\n<p>Il est possible que j\u2019me fasse souffrir<br>Tout seul, un besoin suicidaire<br>Qui traverse mon corps en d\u00e9lire,<br>Ou un poison qui a envahit mon air.<\/p>\n\n\n\n<p><em>Quelqu\u2019un a \u00e9teint la lumi\u00e8re<br>Sur mon chemin,<br>M\u2019obligeant \u00e0 t\u00e2ter l\u2019air<br>Du bout de mes mains<br>Pour retrouver ton amour.<br>C\u2019est peut-\u00eatre moi<br>Qui l\u2019est \u00e9teint ? Toi ?<br>Je ne crie pas \u00ab Au secours \u00bb.<\/em><\/p>\n\n\n\n<p>Il est possible que mon c\u0153ur s\u2019arr\u00eate<br>Sans que cela ne te fasse de peine,<br>Mais je n\u2019ai pas envie de faire le test<br>Ma main \u00e9tant bien dans la tienne.<\/p>\n\n\n\n<p>Il est possible que je sois devenu fou,<br>Fou de toi, ma raison perdue de vue.<br>Alors c\u2019est \u00e0 moi de retrouver le nous,<br>Pour rester sur le chemin tant voulu.<\/p>\n","protected":false},"excerpt":{"rendered":"<p>Il est possible d\u2019aimer et souffrirEn m\u00eame temps, je l\u2019ai appris.J\u2019ai appris ma le\u00e7on sans plaisir,Sans y avoir vraiment r\u00e9fl\u00e9chi. Il est possible que je sois ignorant,Que cette le\u00e7on soit l\u2019instrumentDe ma pens\u00e9e. Aimer et souffrirEst devenu la raison de mon ire. Il est possible que j\u2019me fasse souffrirTout seul, un besoin suicidaireQui traverse mon &hellip; <\/p>\n<p class=\"link-more\"><a href=\"https:\/\/yann-venete.fr\/?p=74\" class=\"more-link\">Continue reading<span class=\"screen-reader-text\"> &#8220;La comptine de l\u2019\u00e2me perdue&#8221;<\/span><\/a><\/p>\n","protected":false},"author":1,"featured_media":0,"comment_status":"closed","ping_status":"open","sticky":false,"template":"","format":"standard","meta":[],"categories":[4],"tags":[],"aioseo_notices":[],"_links":{"self":[{"href":"https:\/\/yann-venete.fr\/index.php?rest_route=\/wp\/v2\/posts\/74"}],"collection":[{"href":"https:\/\/yann-venete.fr\/index.php?rest_route=\/wp\/v2\/posts"}],"about":[{"href":"https:\/\/yann-venete.fr\/index.php?rest_route=\/wp\/v2\/types\/post"}],"author":[{"embeddable":true,"href":"https:\/\/yann-venete.fr\/index.php?rest_route=\/wp\/v2\/users\/1"}],"replies":[{"embeddable":true,"href":"https:\/\/yann-venete.fr\/index.php?rest_route=%2Fwp%2Fv2%2Fcomments&post=74"}],"version-history":[{"count":2,"href":"https:\/\/yann-venete.fr\/index.php?rest_route=\/wp\/v2\/posts\/74\/revisions"}],"predecessor-version":[{"id":455,"href":"https:\/\/yann-venete.fr\/index.php?rest_route=\/wp\/v2\/posts\/74\/revisions\/455"}],"wp:attachment":[{"href":"https:\/\/yann-venete.fr\/index.php?rest_route=%2Fwp%2Fv2%2Fmedia&parent=74"}],"wp:term":[{"taxonomy":"category","embeddable":true,"href":"https:\/\/yann-venete.fr\/index.php?rest_route=%2Fwp%2Fv2%2Fcategories&post=74"},{"taxonomy":"post_tag","embeddable":true,"href":"https:\/\/yann-venete.fr\/index.php?rest_route=%2Fwp%2Fv2%2Ftags&post=74"}],"curies":[{"name":"wp","href":"https:\/\/api.w.org\/{rel}","templated":true}]}}